[{"@context":"https:\/\/schema.org\/","@type":"Article","@id":"https:\/\/www.ibright.cz\/my-versus-nase-maminky\/#Article","mainEntityOfPage":"https:\/\/www.ibright.cz\/my-versus-nase-maminky\/","headline":"My versus na\u0161e maminky","name":"My versus na\u0161e maminky","description":"Nev&Atilde;&shy;m jak vy, ale j&Atilde;&iexcl; si mysl&Atilde;&shy;m, mil&Atilde;&copy; d&Atilde;&iexcl;my, &Aring;&frac34;e na&Aring;&iexcl;e maminky to m&Auml;&#8250;ly s v&Atilde;&frac12;b&Auml;&#8250;rek spole&Auml;ensk&Atilde;&frac12;ch &Aring;&iexcl;at&Aring;&macr; mnohem jednodu&Aring;&iexcl;&Aring;&iexcl;&Atilde;&shy;, ne&Aring;&frac34; to m&Atilde;&iexcl;me dneska my. Dne&Aring;&iexcl;n&Atilde;&shy; nab&Atilde;&shy;dka je velmi pestr&Atilde;&iexcl; a r&Aring;&macr;znorod&Atilde;&iexcl;, trendy se neust&Atilde;&iexcl;le st&Aring;&#8482;&Atilde;&shy;daj&Atilde;&shy; a m&Auml;&#8250;n&Atilde;&shy;, a tak se n&Atilde;&iexcl;m n&Auml;&#8250;kdy m&Aring;&macr;&Aring;&frac34;e zd&Atilde;&iexcl;t, &Aring;&frac34;e nejsme p&Aring;&#8482;esn&Auml;&#8250; tak&Aring;&#8482;&Atilde;&shy;kaj&Atilde;&shy;c v obraze &acirc;&#8364;&#8220; zvl&Atilde;&iexcl;&Aring;&iexcl;t&Auml;&#8250; ne tehdy, ... <a href=\"https:\/\/www.ibright.cz\/my-versus-nase-maminky\/\" class=\"more-link\">P\u0159e\u010d\u00edst<span class=\"screen-reader-text\"> \"My versus na\u0161e maminky\"<\/span> &raquo;<\/a>","datePublished":"2023-04-26","dateModified":"2024-04-29","author":{"@type":"Person","@id":"https:\/\/www.ibright.cz\/author\/devene\/#Person","name":"devene","url":"https:\/\/www.ibright.cz\/author\/devene\/","identifier":1,"image":{"@type":"ImageObject","@id":"https:\/\/secure.gravatar.com\/avatar\/53c590fdd1ec24ee297a15a00a0829b5191e9163e4cc5dbbee20ed40fcc30ad9?s=96&d=mm&r=g","url":"https:\/\/secure.gravatar.com\/avatar\/53c590fdd1ec24ee297a15a00a0829b5191e9163e4cc5dbbee20ed40fcc30ad9?s=96&d=mm&r=g","height":96,"width":96}},"publisher":{"@type":"Organization","name":"ibright.cz","logo":{"@type":"ImageObject","@id":"\/logo.png","url":"\/logo.png","width":600,"height":60}},"url":"https:\/\/www.ibright.cz\/my-versus-nase-maminky\/","wordCount":484,"articleBody":"Nev&Atilde;&shy;m jak vy, ale j&Atilde;&iexcl; si mysl&Atilde;&shy;m, mil&Atilde;&copy; d&Atilde;&iexcl;my, &Aring;&frac34;e na&Aring;&iexcl;e maminky to m&Auml;&#8250;ly s v&Atilde;&frac12;b&Auml;&#8250;rek spole&Auml;ensk&Atilde;&frac12;ch &Aring;&iexcl;at&Aring;&macr; mnohem jednodu&Aring;&iexcl;&Aring;&iexcl;&Atilde;&shy;, ne&Aring;&frac34; to m&Atilde;&iexcl;me dneska my. Dne&Aring;&iexcl;n&Atilde;&shy; nab&Atilde;&shy;dka je velmi pestr&Atilde;&iexcl; a r&Aring;&macr;znorod&Atilde;&iexcl;, trendy se neust&Atilde;&iexcl;le st&Aring;&#8482;&Atilde;&shy;daj&Atilde;&shy; a m&Auml;&#8250;n&Atilde;&shy;, a tak se n&Atilde;&iexcl;m n&Auml;&#8250;kdy m&Aring;&macr;&Aring;&frac34;e zd&Atilde;&iexcl;t, &Aring;&frac34;e nejsme p&Aring;&#8482;esn&Auml;&#8250; tak&Aring;&#8482;&Atilde;&shy;kaj&Atilde;&shy;c v obraze &acirc;&#8364;&#8220; zvl&Atilde;&iexcl;&Aring;&iexcl;t&Auml;&#8250; ne tehdy, pokud nejsme nuceny nosit spole&Auml;ensk&Atilde;&copy; &Aring;&iexcl;atydennodenn&Auml;&#8250;, ale opravdu jen ob&Auml;as &acirc;&#8364;&#8220; jednou, dvakr&Atilde;&iexcl;t do roka. Jak jist&Auml;&#8250; uzn&Atilde;&iexcl;te sami, m&Atilde;&iexcl;me p&Aring;&#8482;ed sebou mnohem d&Aring;&macr;le&Aring;&frac34;it&Auml;&#8250;j&Aring;&iexcl;&Atilde;&shy; &Atilde;&ordm;koly &acirc;&#8364;&#8220; nap&Aring;&#8482;&Atilde;&shy;klad zab&Atilde;&frac12;vat se m&Atilde;&sup3;dou pro ka&Aring;&frac34;dodenn&Atilde;&shy; no&Aring;&iexcl;en&Atilde;&shy; do zam&Auml;&#8250;stn&Atilde;&iexcl;n&Atilde;&shy; i pro voln&Atilde;&frac12; &Auml;as &acirc;&#8364;&#8220; zvl&Atilde;&iexcl;&Aring;&iexcl;t&Auml;&#8250; tehdy, chceme-li b&Atilde;&frac12;t upraven&Atilde;&copy; a hezk&Atilde;&copy; neust&Atilde;&iexcl;le.Kr&Atilde;&iexcl;sn&Atilde;&copy; a jedine&Auml;n&Atilde;&copy;Chcete-li se tedy dopracovat unik&Atilde;&iexcl;tn&Atilde;&shy;ch spole&Auml;ensk&Atilde;&frac12;ch &Aring;&iexcl;at&Aring;&macr;, a&Aring;&yen; u&Aring;&frac34; si je zakoupit nebo vyp&Aring;&macr;j&Auml;it, obracejte se na prov&Auml;&#8250;&Aring;&#8482;en&Atilde;&copy; instituce s mnoha kladn&Atilde;&frac12;mi referencemi od spousty z&Atilde;&iexcl;kazn&Atilde;&shy;k&Aring;&macr; p&Aring;&#8482;ed v&Atilde;&iexcl;mi. Jednou z nich je i svatebn&Atilde;&shy; centrum ADINA.  Nenechte se zm&Atilde;&iexcl;st t&Atilde;&shy;m, &Aring;&frac34;e je &Aring;&#8482;e&Auml; o &acirc;&#8364;&#382;svatebn&Atilde;&shy;m&acirc;&#8364;&#339; centru. V nab&Atilde;&shy;dce je toti&Aring;&frac34; tak&Atilde;&copy; cel&Atilde;&iexcl; plej&Atilde;&iexcl;da v&Atilde;&frac12;&Aring;&iexcl;e jmenovan&Atilde;&copy;ho sortimentu, z n&Auml;&#8250;ho&Aring;&frac34; v&Atilde;&iexcl;m budou o&Auml;i p&Aring;&#8482;ech&Atilde;&iexcl;zet a dech se tajit. Atraktivn&Atilde;&shy; modely i za sn&Atilde;&shy;&Aring;&frac34;en&Atilde;&copy; ceny hledejte pr&Atilde;&iexcl;v&Auml;&#8250; tam.                                                                                                                                                                                                                                                                                                                                                                                                "},{"@context":"https:\/\/schema.org\/","@type":"BreadcrumbList","itemListElement":[{"@type":"ListItem","position":1,"name":"My versus na\u0161e maminky","item":"https:\/\/www.ibright.cz\/my-versus-nase-maminky\/#breadcrumbitem"}]}]